{"id":28482,"date":"2026-04-30T07:57:27","date_gmt":"2026-04-30T07:57:27","guid":{"rendered":"https:\/\/sportland.lt\/magazine\/?p=28482"},"modified":"2026-04-30T07:57:27","modified_gmt":"2026-04-30T07:57:27","slug":"madrido-real-kryzkele-ar-verta-susigrazinti-jose-mourinho","status":"publish","type":"post","link":"https:\/\/sportland.lt\/magazine\/madrido-real-kryzkele-ar-verta-susigrazinti-jose-mourinho\/","title":{"rendered":"Madrido \u201eReal\u201c kry\u017ekel\u0117 \u2013 ar verta susigr\u0105\u017einti Jose Mourinho?"},"content":{"rendered":"<p>Antr\u0105 sezon\u0105 paeiliui be ry\u0161ki\u0173 titul\u0173 pabaigsiantis Madrido \u201eReal\u201c ruo\u0161iasi vasaros permainoms, kuri\u0173 epicentre gali atsidurti treneris Jose Mourinho. Prie\u0161 13 met\u0173 klub\u0105 trenirav\u0119s portugalas netrukus gali sensacingai gr\u012f\u017eti \u012f Ispanijos sostin\u0119.<\/p>\n<p>Pasirodym\u0105 \u010cempion\u0173 lygoje baigusi ketvirtfinalyje, \u201eReal\u201c \u0161\u012f sezon\u0105 pasiekimais ned\u017eiugina ir vietiniame fronte. Madrido ekipa Ispanijos taur\u0117je suklupo dar a\u0161tuntfinalyje, o \u201eLa Liga\u201c pirmenyb\u0117se gerokai atsilieka nuo lyder\u0117s \u201eBarcelona\u201c.<\/p>\n<p>Iki \u010dempionato pabaigos likus penkiems turams, \u201eReal\u201c nuo principini\u0173 var\u017eov\u0173 skiria 11 ta\u0161k\u0173 \u2013 tik did\u017eiulio stebuklo atveju \u0161alies \u010dempion\u0173 titulas neatsidurt\u0173 \u201eCamp Nou\u201c stadione.<\/p>\n<p>Beveik ai\u0161ki sezono atomazga jau leid\u017eia \u201eReal\u201c d\u0117mes\u012f sutelkti \u012f art\u0117jan\u010dios vasaros darbus, kuri\u0173 klubui po dar vieneri\u0173 slogi\u0173 met\u0173 netr\u016bks.<\/p>\n<h4><strong>Br\u0119stan\u010dios permainos<\/strong><\/h4>\n<p>Nuviliantis sezonas pas\u0117jo tik dar daugiau abejoni\u0173 tiek d\u0117l \u201eReal\u201c sud\u0117ties balanso, tiek d\u0117l ilgalaik\u0117s vizijos.<\/p>\n<p>Vil\u010di\u0173 darsyk nepateisinusi komanda pra\u0161osi ry\u0161ki\u0173 permain\u0173, ypa\u010d ne pirmos jaunyst\u0117s gynybos grandyje, kur laukia keli i\u0161vykimai.<\/p>\n<p>34-eri\u0173 kapitono Dani Carvajalio ir 33-ej\u0173 Davido Alabos bei Antonio Rudigerio kontraktai baigia galioti bir\u017eel\u012f ir realu, jog jie Madride skai\u010diuoja paskutines savo savaites.<\/p>\n<p>N\u0117 vienam i\u0161 trij\u0173 gyn\u0117j\u0173 \u0161\u012f sezon\u0105 nepavyko i\u0161vengti traum\u0173, o neseniai susi\u017eeid\u0117 ir Ederis Militao, kuris d\u0117l sveikatos problem\u0173 praleis ir art\u0117jant\u012f pasaulio \u010dempionat\u0105.<\/p>\n<figure id=\"attachment_28483\" aria-describedby=\"caption-attachment-28483\" style=\"width: 600px\" class=\"wp-caption alignnone\"><img loading=\"lazy\" decoding=\"async\" class=\"size-medium wp-image-28483\" src=\"https:\/\/sportland.lt\/magazine\/wp-content\/uploads\/2026\/04\/Ederis-Militao-600x400.jpg\" alt=\"\" width=\"600\" height=\"400\" srcset=\"https:\/\/sportland.lt\/magazine\/wp-content\/uploads\/2026\/04\/Ederis-Militao-600x400.jpg 600w, https:\/\/sportland.lt\/magazine\/wp-content\/uploads\/2026\/04\/Ederis-Militao-1200x800.jpg 1200w, https:\/\/sportland.lt\/magazine\/wp-content\/uploads\/2026\/04\/Ederis-Militao-768x512.jpg 768w, https:\/\/sportland.lt\/magazine\/wp-content\/uploads\/2026\/04\/Ederis-Militao-1536x1024.jpg 1536w, https:\/\/sportland.lt\/magazine\/wp-content\/uploads\/2026\/04\/Ederis-Militao.jpg 1600w\" sizes=\"auto, (max-width: 600px) 100vw, 600px\" \/><figcaption id=\"caption-attachment-28483\" class=\"wp-caption-text\">Ederis Militao. Scanpix nuotr.<\/figcaption><\/figure>\n<p>Kontrakt\u0173 situacija grei\u010diausiai pareikalaus papildymo tiek de\u0161iniajame gynybos kra\u0161te, tiek ir viduryje, o nauj\u0173 veid\u0173 galima tik\u0117tis ir saug\u0173 grandyje.<\/p>\n<p>Jau antr\u0105 sezon\u0105 paeiliui \u201eReal\u201c taip ir nerado tinkamos pamainos nei Lukai Modri\u010diui, nei Toni Kroosui ir stigo \u017eaidimo temp\u0105 aik\u0161t\u0117s viduryje galin\u010dio diktuoti saugo.<\/p>\n<p>Jei puol\u0117j\u0173 grandyje permainos atrodo ma\u017eiausiai tik\u0117tinos, tai po sezono \u201eReal\u201c tur\u0117s spr\u0119sti ir trenerio klausim\u0105, kuris, atrodo, dienotvark\u0117je yra pats pirmas.<\/p>\n<h4><strong>Laukia sugr\u012f\u017eimas?<\/strong><\/h4>\n<p>Pra\u0117jusi\u0105 vasar\u0105 atrod\u0117, kad \u201eReal\u201c trenerio klausim\u0105 i\u0161sprend\u0117 bent keleriems metams \u012f priek\u012f, kai suteik\u0117 ilgalaik\u012f kontrakt\u0105 vienam perspektyviausi\u0173 Europos treneri\u0173 Xabi Alonso.<\/p>\n<p>Deja, ispanas klube i\u0161buvo vos a\u0161tuonis m\u0117nesius, o saus\u012f \u012f jo k\u0117d\u0119 atsis\u0117do kitas buv\u0119s \u201eReal\u201c futbolininkas Alvaro Arbeloa.<\/p>\n<p>Su pastaruoju prie vairo \u201eReal\u201c kaln\u0173 nenuvert\u0117 \u2013 laim\u0117jo vos 14 i\u0161 23 rungtyni\u0173, o Ispanijos taur\u0117je gavo antaus\u012f nuo antroje lygoje rungtyniaujan\u010dios \u201eAlbacete\u201c.<\/p>\n<p>Nors turi kontrakt\u0105 dar metams, akivaizdu, kad A. Arbeloa laikas Madride art\u0117ja prie pabaigos, o vienu i\u0161 reali\u0173 jo \u012fp\u0117dini\u0173 matomas ne kas kitas, o J. Mourinho.<\/p>\n<figure id=\"attachment_28484\" aria-describedby=\"caption-attachment-28484\" style=\"width: 600px\" class=\"wp-caption alignnone\"><img loading=\"lazy\" decoding=\"async\" class=\"size-medium wp-image-28484\" src=\"https:\/\/sportland.lt\/magazine\/wp-content\/uploads\/2026\/04\/Jose-Mourinho-600x400.jpg\" alt=\"\" width=\"600\" height=\"400\" \/><figcaption id=\"caption-attachment-28484\" class=\"wp-caption-text\">Jose Mourinho. Scanpix nuotr.<\/figcaption><\/figure>\n<p>Anot brit\u0173 \u017einiasklaidos, \u201eReal\u201c prezidentas Florentino Perezas ypa\u010d palankiai vertina galimyb\u0119 susigr\u0105\u017einti klube prie\u0161 13 met\u0173 dirbus\u012f portugal\u0105, \u0161iuo metu treniruojant\u012f Lisabonos \u201eBenfica\u201c.<\/p>\n<p>Prie\u017eastys akivaizd\u017eios \u2013 jei kas ir gali suvaldyti \u017evaig\u017ed\u0117mis perpildyt\u0105 \u201eReal\u201c r\u016bbin\u0119, tai yra b\u016btent J. Mourinho, kurio nurodym\u0173 Madride kadaise klaus\u0117 tokie vardai kaip Cristiano Ronaldo, Kaka ir Sergio Ramosas.<\/p>\n<p>Der\u0117t\u0173 pripa\u017einti, kad portugalo paskyrimas veikiau b\u016bt\u0173 u\u017e praeities nuopelnus. Per pastaruosius devynis sezonus J. Mourinho savo trof\u0117j\u0173 lentyn\u0105 papild\u0117 vos vienu titulu \u2013 2022 m. i\u0161kovota Konferencij\u0173 lygos taure su \u201eRoma\u201c.<\/p>\n<h4><strong>Kiti kandidatai<\/strong><\/h4>\n<p>Vis labiau pastarosiomis dienomis ry\u0161k\u0117janti J. Mourinho kandidat\u016bra veda prie i\u0161vados \u2013 \u201eReal\u201c naujuoju treneriu nori matyti jau laiko patikrint\u0105 vard\u0105, gebant\u012f pa\u017eaboti net ir did\u017eiausius ego r\u016bbin\u0117je.<\/p>\n<p>Tarp potentiali\u0173 kandidat\u0173 yra minima ir Mauricio Pochettino pavard\u0117. Tiesa, argentinietis darbus prad\u0117ti gal\u0117t\u0173 tik nuo vasaros vidurio, mat pasaulio \u010dempionate stov\u0117s prie JAV rinktin\u0117s vairo.<\/p>\n<p>T\u0105 pat\u012f galima pasakyti ir apie Pranc\u016bzijos rinktin\u0117s strateg\u0105 Didier Deschamps\u0105, kuris puikiai pa\u017e\u012fsta b\u016br\u012f \u201eReal\u201c \u017evaig\u017ed\u017ei\u0173 i\u0161 nacionalin\u0117s komandos ir jau tur\u0117t\u0173 nemenk\u0105 autoritet\u0105.<\/p>\n<p>Kiek ma\u017eiau realesn\u0117 atrodo buvusio \u201eLiverpool\u201c stratego Jurgeno Kloppo kandidat\u016bra. Nors vokie\u010dio pavard\u0117 yra itin da\u017enai siejama su \u201eReal\u201c, tiek jo \u017eaidimo, tiek ir komandos valdymo filosofija kiek prasilenkia su \u201eReal\u201c vadov\u0173 vizija.<\/p>\n<p>Vokietis yra priprat\u0119s komand\u0105 modeliuoti pagal savo \u012fsitikinimus, ta\u010diau, vargu, ar toki\u0105 laisv\u0119 jam suteikt\u0173 Madrido klubas.<\/p>\n<p><em>Tekstas: Lauryno Puikio<\/em><\/p>\n","protected":false},"excerpt":{"rendered":"<p>Antr\u0105 sezon\u0105 paeiliui be ry\u0161ki\u0173 titul\u0173 pabaigsiantis Madrido \u201eReal\u201c ruo\u0161iasi vasaros permainoms, kuri\u0173 epicentre gali atsidurti treneris Jose Mourinho. Prie\u0161\u2026<\/p>\n","protected":false},"author":9,"featured_media":28484,"comment_status":"closed","ping_status":"closed","sticky":false,"template":"","format":"standard","meta":{"_acf_changed":false,"footnotes":""},"categories":[28],"tags":[15],"class_list":["post-28482","post","type-post","status-publish","format-standard","has-post-thumbnail","hentry","category-sportas","tag-futbolas"],"acf":[],"_links":{"self":[{"href":"https:\/\/sportland.lt\/magazine\/wp-json\/wp\/v2\/posts\/28482","targetHints":{"allow":["GET"]}}],"collection":[{"href":"https:\/\/sportland.lt\/magazine\/wp-json\/wp\/v2\/posts"}],"about":[{"href":"https:\/\/sportland.lt\/magazine\/wp-json\/wp\/v2\/types\/post"}],"author":[{"embeddable":true,"href":"https:\/\/sportland.lt\/magazine\/wp-json\/wp\/v2\/users\/9"}],"replies":[{"embeddable":true,"href":"https:\/\/sportland.lt\/magazine\/wp-json\/wp\/v2\/comments?post=28482"}],"version-history":[{"count":1,"href":"https:\/\/sportland.lt\/magazine\/wp-json\/wp\/v2\/posts\/28482\/revisions"}],"predecessor-version":[{"id":28485,"href":"https:\/\/sportland.lt\/magazine\/wp-json\/wp\/v2\/posts\/28482\/revisions\/28485"}],"wp:featuredmedia":[{"embeddable":true,"href":"https:\/\/sportland.lt\/magazine\/wp-json\/wp\/v2\/media\/28484"}],"wp:attachment":[{"href":"https:\/\/sportland.lt\/magazine\/wp-json\/wp\/v2\/media?parent=28482"}],"wp:term":[{"taxonomy":"category","embeddable":true,"href":"https:\/\/sportland.lt\/magazine\/wp-json\/wp\/v2\/categories?post=28482"},{"taxonomy":"post_tag","embeddable":true,"href":"https:\/\/sportland.lt\/magazine\/wp-json\/wp\/v2\/tags?post=28482"}],"curies":[{"name":"wp","href":"https:\/\/api.w.org\/{rel}","templated":true}]}}