{"id":28239,"date":"2026-03-13T10:13:35","date_gmt":"2026-03-13T10:13:35","guid":{"rendered":"https:\/\/sportland.lt\/magazine\/?p=28239"},"modified":"2026-03-13T10:13:35","modified_gmt":"2026-03-13T10:13:35","slug":"lemiamas-issukis-rinktinei-ka-r-kurtinaitis-prisikvies-vasara","status":"publish","type":"post","link":"https:\/\/sportland.lt\/magazine\/lemiamas-issukis-rinktinei-ka-r-kurtinaitis-prisikvies-vasara\/","title":{"rendered":"Lemiamas i\u0161\u0161\u016bkis rinktinei: k\u0105 R. Kurtinaitis prisikvies vasar\u0105?"},"content":{"rendered":"<p>Skaud\u0173 sm\u016bg\u012f Islandijoje gavusi Lietuvos rinktin\u0117 atrankoje \u012f pasaulio \u010dempionat\u0105 sieks atsigriebti liep\u0105, kai po k\u0105 tik pasibaigusio klubinio sezono treneris Rimas Kurtinaitis susidurs su u\u017edaviniu surinkti kur kas paj\u0117gesn\u0119 sud\u0117t\u012f.<\/p>\n<p>Pra\u0117jusi\u0105 savait\u0119 antr\u0105j\u012f 2027 m. planetos pirmenybi\u0173 atrankos lang\u0105 u\u017ebaigusi Lietuvos komanda po keturi\u0173 tur\u0173 yra nepavyd\u0117tinoje situacijoje \u2013 tik dvi pergales i\u0161kovojusi rinktin\u0117 jau beveik nebegali klysti, kitaip pirm\u0105 kart\u0105 nuo 2002-\u0173j\u0173 turnyr\u0105 tekt\u0173 praleisti.<\/p>\n<p>U\u017etikrinto \u017eaidimo nedemonstruojantys lietuviai, s\u0117km\u0117s atveju, antrame atrankos etape susidurt\u0173 jau su kito kalibro rinktin\u0117mis \u2013 tarp potenciali\u0173 var\u017eov\u0173 yra Turkija, Serbija bei Bosnija ir Hercegovina.<\/p>\n<p>Ta\u010diau prie\u0161 \u017evalgym\u0105si tolyn, rinktin\u0117s lauks dar dvejos pirmojo etapo rungtyn\u0117s liep\u0105, kai R. Kurtinai\u010dio aukl\u0117tiniai namuose priims Did\u017eiosios Britanijos krep\u0161ininkus ir sve\u010diuosis Italijoje.<\/p>\n<p>Slogiai pirmuosius du langus atrod\u017eiusi\u0105 komand\u0105 gal\u0117t\u0173 \u012fkv\u0117pti naujos j\u0117gos \u2013 pa\u017evelkime, kaip rinktin\u0117s sud\u0117tis gal\u0117t\u0173 atrodyti art\u0117jan\u010di\u0105 vasar\u0105.<\/p>\n<figure id=\"attachment_28241\" aria-describedby=\"caption-attachment-28241\" style=\"width: 600px\" class=\"wp-caption alignnone\"><img loading=\"lazy\" decoding=\"async\" class=\"size-medium wp-image-28241\" src=\"https:\/\/sportland.lt\/magazine\/wp-content\/uploads\/2026\/03\/Rimas-Kurtinaitis-ir-Tomas-Pacesas-600x400.jpg\" alt=\"\" width=\"600\" height=\"400\" srcset=\"https:\/\/sportland.lt\/magazine\/wp-content\/uploads\/2026\/03\/Rimas-Kurtinaitis-ir-Tomas-Pacesas-600x400.jpg 600w, https:\/\/sportland.lt\/magazine\/wp-content\/uploads\/2026\/03\/Rimas-Kurtinaitis-ir-Tomas-Pacesas-1200x800.jpg 1200w, https:\/\/sportland.lt\/magazine\/wp-content\/uploads\/2026\/03\/Rimas-Kurtinaitis-ir-Tomas-Pacesas-768x512.jpg 768w, https:\/\/sportland.lt\/magazine\/wp-content\/uploads\/2026\/03\/Rimas-Kurtinaitis-ir-Tomas-Pacesas-1536x1024.jpg 1536w, https:\/\/sportland.lt\/magazine\/wp-content\/uploads\/2026\/03\/Rimas-Kurtinaitis-ir-Tomas-Pacesas-2048x1365.jpg 2048w\" sizes=\"auto, (max-width: 600px) 100vw, 600px\" \/><figcaption id=\"caption-attachment-28241\" class=\"wp-caption-text\">Rimas Kurtinaitis ir Tomas Pa\u010d\u0117sas. Scanpix nuotr.<\/figcaption><\/figure>\n<h4><strong>Gyn\u0117jai<\/strong><\/h4>\n<p>Beveik n\u0117ra abejoni\u0173, jog liepos lange nei\u0161vysime po traumos vis dar sveikstan\u010dio Roko Jokubai\u010dio. Miuncheno \u201eBayern\u201c gyn\u0117jas vasar\u0105 tur\u0117t\u0173 paskirti pasiruo\u0161imui art\u0117jan\u010diam sezonui.<\/p>\n<p>Kaip ir pra\u0117jusiame Europos \u010dempionate, \u012f\u017eaid\u0117j\u0173 grandyje R. Jokubait\u012f gali pakeisti Arnas Veli\u010dka, o tarp potenciali\u0173 kandidat\u0173 yra ir Kristupas \u017demaitis, Augustas Mar\u010diulionis ir Lukas Lekavi\u010dius.<\/p>\n<p>Neatmetama, kad prisijungti trumpam liepos langui gal\u0117t\u0173 ir Majamio \u201eHeat\u201c gretose pastaruoju metu solid\u017eiai rungtyniaujantis Kasparas Jaku\u010dionis, ta\u010diau debiutin\u012f sezon\u0105 NBA \u017eaid\u017eiantis gyn\u0117jas vasar\u0105 gali paskirti ir individualiam tobul\u0117jimui.<\/p>\n<p>Atakuojan\u010di\u0173 gyn\u0117j\u0173 grandyje pasirinkimo R. Kurtinaitis gali tur\u0117ti nema\u017eai, \u012fskaitant Kauno \u201e\u017dalgirio\u201c trio Ign\u0105 Brazdeik\u012f, Deivid\u0105 Sirvyd\u012f ir Dovyd\u0105 Giedrait\u012f.<\/p>\n<p>Fig\u016bruoti tur\u0117t\u0173 ir Igno Sargi\u016bno bei Margirio Normanto pavard\u0117s \u2013 abu krep\u0161ininkai pra\u0117jusiuose languose tur\u0117jo svarbias roles R. Kurtinai\u010dio schemose.<\/p>\n<p>Klaustukas kabo vir\u0161 Mariaus Grigonio pavard\u0117s \u2013 At\u0117n\u0173 \u201ePanathinaikos\u201c gretose \u0161\u012f sezon\u0105 beveik nerungtyniaujantis gyn\u0117jas R. Kurtinai\u010dio rinktin\u0117je dar ne\u017eaid\u0117.<\/p>\n<h4><strong>Puol\u0117jai <\/strong><\/h4>\n<p>Puol\u0117j\u0173 grandyje vasar\u0105 visos akys kryps \u012f \u0161iuo metu bene talentingiausi\u0105 \u0161alies krep\u0161inink\u0105 Mat\u0105 Buzel\u012f.<\/p>\n<p>Antrus metus \u010cikagos \u201eBulls\u201c gretose rungtyniaujan\u010diam puol\u0117jui netur\u0117t\u0173 b\u016bti joki\u0173 kli\u016b\u010di\u0173 pagaliau apsivilkti rinktin\u0117s mar\u0161kin\u0117lius \u2013 jo NBA sezonas tur\u0117t\u0173 baigtis anksti, o poros savai\u010di\u0173 rinktin\u0117s stovykla nesukliudyt\u0173 ruo\u0161tis art\u0117jan\u010diam.<\/p>\n<figure id=\"attachment_28240\" aria-describedby=\"caption-attachment-28240\" style=\"width: 600px\" class=\"wp-caption alignnone\"><img loading=\"lazy\" decoding=\"async\" class=\"size-medium wp-image-28240\" src=\"https:\/\/sportland.lt\/magazine\/wp-content\/uploads\/2026\/03\/Matas-Buzelis-600x400.jpg\" alt=\"\" width=\"600\" height=\"400\" srcset=\"https:\/\/sportland.lt\/magazine\/wp-content\/uploads\/2026\/03\/Matas-Buzelis-600x400.jpg 600w, https:\/\/sportland.lt\/magazine\/wp-content\/uploads\/2026\/03\/Matas-Buzelis-1200x800.jpg 1200w, https:\/\/sportland.lt\/magazine\/wp-content\/uploads\/2026\/03\/Matas-Buzelis-768x512.jpg 768w, https:\/\/sportland.lt\/magazine\/wp-content\/uploads\/2026\/03\/Matas-Buzelis-1536x1024.jpg 1536w, https:\/\/sportland.lt\/magazine\/wp-content\/uploads\/2026\/03\/Matas-Buzelis-2048x1366.jpg 2048w\" sizes=\"auto, (max-width: 600px) 100vw, 600px\" \/><figcaption id=\"caption-attachment-28240\" class=\"wp-caption-text\">Matas Buzelis. Scanpix nuotr.<\/figcaption><\/figure>\n<p>Lengvojo kra\u0161to pozicijoje R. Kurtinaitis pra\u0117jusi\u0105 vasar\u0105 Europos \u010dempionate kliov\u0117si Gy\u010dio Radzevi\u010diaus ir Roko Giedrai\u010dio paslaugomis, o \u0161iemet gali tur\u0117ti ir kit\u0173 variant\u0173.<\/p>\n<p>U\u017eimti rol\u0119 gali ir min\u0117tasis I. Brazdeikis, ir Kauno \u201e\u017dalgirio\u201c puol\u0117jai Arnas Butkevi\u010dius bei Edgaras Ulanovas, tiesa pastarasis rinktin\u0117je ne\u017eaid\u0117 jau pustre\u010di\u0173 met\u0173.<\/p>\n<p>Jei neatvyks M. Buzelis, pagrindinio sunkiojo kra\u0161to puol\u0117jo pozicija bus rezervuota \u0104\u017euolui Tubeliui, rinktinei atstovavusiam ir pra\u0117jusiame lange.<\/p>\n<p>Neai\u0161ki kol kas i\u0161lieka Tado Sedekerskio situacija \u2013 susi\u017eeid\u0119s Vitorios \u201eBaskonia\u201c puol\u0117jas gali praleisti vis\u0105 likus\u012f sezon\u0105, o toks scenarijus komplikuoja ir jo prisijungim\u0105 prie rinktin\u0117s.<\/p>\n<p>Tarp kit\u0173 variant\u0173 R. Kurtinaitis tur\u0117s pra\u0117jusiame lange rinktinei pad\u0117jusius Eimant\u0105 Bend\u017ei\u0173, Mindaug\u0105 Ka\u010din\u0105 ir Donat\u0105 Tarol\u012f.<\/p>\n<h4><strong>Vidurio puol\u0117jai<\/strong><\/h4>\n<p>Art\u0117jan\u010di\u0105 vasar\u0105 rinktin\u0117je tikrai nei\u0161vysime sezon\u0105 Sakramento \u201eKings\u201c gretose jau u\u017ebaigusio Domanto Sabonio \u2013 vidurio puol\u0117jas d\u0117l menisko operacijos ne\u017eais artimiausi\u0105 pusmet\u012f.<\/p>\n<p>D. Sabonio nebuvimas automati\u0161kai dar syk\u012f i\u0161spr\u0119s galvos skausm\u0105 R. Kurtinai\u010diui \u2013 pagrindinio vidurio puol\u0117jo rol\u0119 ir v\u0117l veikiausiai u\u017eims Jonas Valan\u010di\u016bnas.<\/p>\n<p>Kalbant apie pagalbininkus, realiausia atrodo Mareko Bla\u017eevi\u010diaus kandidat\u016bra. Bursos \u201eTofa\u0161\u201c centras rungtyniavo tiek ir pra\u0117jusiame Europos \u010dempionate, tiek ir visose pasaulio pirmenybi\u0173 atrankos rungtyn\u0117se iki \u0161iol.<\/p>\n<p>Tiesa, R. Kurtinaitis tur\u0117s ir kit\u0173 opcij\u0173 \u2013 rinktinei pad\u0117ti gali tiek Vilniaus \u201eRyto\u201c puol\u0117jas Art\u016bras Gudaitis, tiek ir Laurynas Birutis bei Martinas Gebenas.<\/p>\n<p><em>Tekstas: Lauryno Puikio<\/em><\/p>\n","protected":false},"excerpt":{"rendered":"<p>Skaud\u0173 sm\u016bg\u012f Islandijoje gavusi Lietuvos rinktin\u0117 atrankoje \u012f pasaulio \u010dempionat\u0105 sieks atsigriebti liep\u0105, kai po k\u0105 tik pasibaigusio klubinio sezono\u2026<\/p>\n","protected":false},"author":9,"featured_media":28241,"comment_status":"closed","ping_status":"closed","sticky":false,"template":"","format":"standard","meta":{"_acf_changed":false,"footnotes":""},"categories":[28],"tags":[16],"class_list":["post-28239","post","type-post","status-publish","format-standard","has-post-thumbnail","hentry","category-sportas","tag-krepsinis"],"acf":[],"_links":{"self":[{"href":"https:\/\/sportland.lt\/magazine\/wp-json\/wp\/v2\/posts\/28239","targetHints":{"allow":["GET"]}}],"collection":[{"href":"https:\/\/sportland.lt\/magazine\/wp-json\/wp\/v2\/posts"}],"about":[{"href":"https:\/\/sportland.lt\/magazine\/wp-json\/wp\/v2\/types\/post"}],"author":[{"embeddable":true,"href":"https:\/\/sportland.lt\/magazine\/wp-json\/wp\/v2\/users\/9"}],"replies":[{"embeddable":true,"href":"https:\/\/sportland.lt\/magazine\/wp-json\/wp\/v2\/comments?post=28239"}],"version-history":[{"count":1,"href":"https:\/\/sportland.lt\/magazine\/wp-json\/wp\/v2\/posts\/28239\/revisions"}],"predecessor-version":[{"id":28242,"href":"https:\/\/sportland.lt\/magazine\/wp-json\/wp\/v2\/posts\/28239\/revisions\/28242"}],"wp:featuredmedia":[{"embeddable":true,"href":"https:\/\/sportland.lt\/magazine\/wp-json\/wp\/v2\/media\/28241"}],"wp:attachment":[{"href":"https:\/\/sportland.lt\/magazine\/wp-json\/wp\/v2\/media?parent=28239"}],"wp:term":[{"taxonomy":"category","embeddable":true,"href":"https:\/\/sportland.lt\/magazine\/wp-json\/wp\/v2\/categories?post=28239"},{"taxonomy":"post_tag","embeddable":true,"href":"https:\/\/sportland.lt\/magazine\/wp-json\/wp\/v2\/tags?post=28239"}],"curies":[{"name":"wp","href":"https:\/\/api.w.org\/{rel}","templated":true}]}}