{"id":23892,"date":"2023-05-25T09:20:18","date_gmt":"2023-05-25T09:20:18","guid":{"rendered":"https:\/\/sportland.lt\/magazine\/?p=23892"},"modified":"2023-05-25T09:20:18","modified_gmt":"2023-05-25T09:20:18","slug":"graziausio-pavasarinio-begimo-vilniuje-startas-pirma-syki-bus-duotas-vakare","status":"publish","type":"post","link":"https:\/\/sportland.lt\/magazine\/graziausio-pavasarinio-begimo-vilniuje-startas-pirma-syki-bus-duotas-vakare\/","title":{"rendered":"Gra\u017eiausio pavasarinio b\u0117gimo Vilniuje startas pirm\u0105 syk\u012f bus duotas vakare"},"content":{"rendered":"<p>\u0160\u012f \u0161e\u0161tadien\u012f, gegu\u017e\u0117s 27 dien\u0105, Lietuvos sostin\u0117je vyks tradicinis \u201eVilnius 700 pusmaratonio\u201c b\u0117gimas. Did\u017eiausia \u0161i\u0173 met\u0173 naujov\u0117 \u2013 pasikeit\u0119s dienos laikas. Jeigu anks\u010diau visi startai b\u016bdavo duodami ryte arba vidurdienyje, tai \u0161\u012fkart renginys prasid\u0117s vakare.<\/p>\n<p>Tiek b\u0117gikai, tiek \u017ei\u016brovai gal\u0117s gro\u017e\u0117tis ro\u017einiu dangumi, aukso spalva nuda\u017eytomis senamies\u010dio gatv\u0117mis ir m\u0117gautis gaiviu b\u0117gimu.<\/p>\n<p>10 val. ryto Katedros aik\u0161t\u0117je prasid\u0117s numeri\u0173 atsi\u0117mimas ir nauj\u0173 dalyvi\u0173 registracija. Pirmas b\u0117gimo startas \u2013 15.40 val. \u012e b\u0117gimo tras\u0105 i\u0161b\u0117gs vaikai \u2013 \u201eLittle Goose vaik\u0173 b\u0117gimai\u201c vyks \u0160ventaragio gatv\u0117s dalyje nuo Pilies gatv\u0117s iki Gedimino prospekto.<\/p>\n<p>Nuo 17 val. prasid\u0117s pusmaratonio ir 10 km distancij\u0173 startai. 20 val. b\u0117gti prad\u0117s \u201eNike Youth 5K Run\u201c distancijos b\u0117gikai.<\/p>\n<figure id=\"attachment_23895\" aria-describedby=\"caption-attachment-23895\" style=\"width: 600px\" class=\"wp-caption alignnone\"><img loading=\"lazy\" decoding=\"async\" class=\"size-medium wp-image-23895\" src=\"https:\/\/sportland.lt\/magazine\/wp-content\/uploads\/2023\/05\/284111372_130331419626440_1227823825586856158_n-600x400.jpg\" alt=\"\" width=\"600\" height=\"400\" \/><figcaption id=\"caption-attachment-23895\" class=\"wp-caption-text\">Jurgos Urbonait\u0117s nuotr.<\/figcaption><\/figure>\n<p>Renginio metu b\u0117gimo miestelyje Katedros aik\u0161t\u0117je ne tik dalyvi\u0173, bet ir sirgali\u0173 bei sve\u010di\u0173 laukia renginio r\u0117m\u0117j\u0173 pramogos.<\/p>\n<p>\u0160is Vilniaus pusmaratonis bus kupinas ir daugiau naujovi\u0173. Kiekviename b\u0117gime bus po du \u201eRE.FORMATAS\u201c trenerius, kurie b\u0117gs tam tikru tempu. Treneriai b\u0117gs pagal skirtingus paj\u0117gumus (pradedantiesiems ir pa\u017eengusiems) ir visus norin\u010dius kvies jud\u0117ti kartu.<\/p>\n<p>Kita naujiena \u2013 5 km distancija \u0161iemet tapo \u201eNike Youth 5k Run\u201c rungtimi. \u201eVilniaus 700 pusmaratonio\u201c 5 km distancijoje kvie\u010diami dalyvauti b\u0117gikai iki 29 met\u0173 imtinai. Taip siekiama dar labiau sudominti b\u0117gimu jaunus \u017emones. Visi \u201eNike Youth 5 Run\u201c b\u0117gimo dalyviai gaus nemokamus mar\u0161kin\u0117lius savo pasiekimams atminti.<\/p>\n<p>Pusmaratonio pavadinimas taip pat i\u0161duoda, kad \u0161i\u0173 met\u0173 renginys bus dar smagesnis ir \u0161venti\u0161kesnis, nes jis tapo jauno Vilniaus 700-ojo gimtadienio \u0161vent\u0117s dalimi. Visos b\u0117gimo trasos ves per gra\u017eiausius miesto kampelius ir privers \u012fsimyl\u0117ti Vilni\u0173 i\u0161 naujo.<\/p>\n<figure id=\"attachment_23894\" aria-describedby=\"caption-attachment-23894\" style=\"width: 400px\" class=\"wp-caption alignnone\"><img loading=\"lazy\" decoding=\"async\" class=\"size-medium wp-image-23894\" src=\"https:\/\/sportland.lt\/magazine\/wp-content\/uploads\/2023\/05\/284907704_130333892959526_1507350622292844188_n-400x600.jpg\" alt=\"\" width=\"400\" height=\"600\" srcset=\"https:\/\/sportland.lt\/magazine\/wp-content\/uploads\/2023\/05\/284907704_130333892959526_1507350622292844188_n-400x600.jpg 400w, https:\/\/sportland.lt\/magazine\/wp-content\/uploads\/2023\/05\/284907704_130333892959526_1507350622292844188_n-768x1152.jpg 768w, https:\/\/sportland.lt\/magazine\/wp-content\/uploads\/2023\/05\/284907704_130333892959526_1507350622292844188_n-800x1200.jpg 800w, https:\/\/sportland.lt\/magazine\/wp-content\/uploads\/2023\/05\/284907704_130333892959526_1507350622292844188_n.jpg 1365w\" sizes=\"auto, (max-width: 400px) 100vw, 400px\" \/><figcaption id=\"caption-attachment-23894\" class=\"wp-caption-text\">Jurgos Urbonait\u0117s nuotr.<\/figcaption><\/figure>\n<p>Tradici\u0161kai d\u0117l \u0161io b\u0117gimo sostin\u0117s centre bus eismo ribojim\u0173. Kadangi renginys vyks vakare, tai miesto centre jud\u0117jimas keisis gegu\u017e\u0117s 27 dien\u0105, nuo 15 iki 21 val., o \u0160ventaragio gatv\u0117je ties Katedros aik\u0161te \u2013 nuo 3 iki 23 val. Transporto priemoni\u0173 eismas visoje trasoje bus stabdomas renginio metu, t.y. gegu\u017e\u0117s 27 d. nuo 15 val. iki 21 val.:<\/p>\n<p>Nugal\u0117toj\u0173 ir prizinink\u0173 lauks taur\u0117s bei r\u0117m\u0117j\u0173 dovanos. Visi dalyviai bus apdovanoti atminimo medaliais. Taip pat bus apdovanota daugiausiai \u017emoni\u0173 u\u017eregistravusi \u201eGausiausia komanda\u201c.<\/p>\n<p>Visi renginio dalyviai kvie\u010diami nepamir\u0161ti ir Ukrainos.<\/p>\n<p>\u201eLabai kvie\u010diame norin\u010dius dalyvius ir renginio sve\u010dius, sirgalius pasipuo\u0161ti Ukrainos atributika \u2013 v\u0117liavomis, Ukrainos spalvomis m\u0117lyna ir geltona, o gal net saul\u0117gr\u0105\u017eomis\u201c, &#8211; kvie\u010dia organizatoriai.<\/p>\n<p>Taigi, jau \u0161\u012f \u0161e\u0161tadien\u012f realybe taps \u012fsivaizdavimas, kai pradedame b\u0117gti saulei leid\u017eiantis, kai dangus nusida\u017eo gra\u017eiausiomis spalvomis, kai matai pat\u012f stebuklingiausi\u0105 Vilni\u0173 su nuostabia architekt\u016bra ir istoriniais pastatais, o aplink \u2013 daugyb\u0117 bendramin\u010di\u0173 bei d\u017eiaugsmo \u0161\u016bki\u0173.<\/p>\n<p><em>Tekstas: Dominyko Genevi\u010diaus<\/em><\/p>\n","protected":false},"excerpt":{"rendered":"<p>\u0160\u012f \u0161e\u0161tadien\u012f, gegu\u017e\u0117s 27 dien\u0105, Lietuvos sostin\u0117je vyks tradicinis \u201eVilnius 700 pusmaratonio\u201c b\u0117gimas. Did\u017eiausia \u0161i\u0173 met\u0173 naujov\u0117 \u2013 pasikeit\u0119s dienos\u2026<\/p>\n","protected":false},"author":9,"featured_media":23895,"comment_status":"open","ping_status":"open","sticky":false,"template":"","format":"standard","meta":{"_acf_changed":false,"footnotes":""},"categories":[28],"tags":[13],"class_list":["post-23892","post","type-post","status-publish","format-standard","has-post-thumbnail","hentry","category-sportas","tag-begimas"],"acf":[],"_links":{"self":[{"href":"https:\/\/sportland.lt\/magazine\/wp-json\/wp\/v2\/posts\/23892","targetHints":{"allow":["GET"]}}],"collection":[{"href":"https:\/\/sportland.lt\/magazine\/wp-json\/wp\/v2\/posts"}],"about":[{"href":"https:\/\/sportland.lt\/magazine\/wp-json\/wp\/v2\/types\/post"}],"author":[{"embeddable":true,"href":"https:\/\/sportland.lt\/magazine\/wp-json\/wp\/v2\/users\/9"}],"replies":[{"embeddable":true,"href":"https:\/\/sportland.lt\/magazine\/wp-json\/wp\/v2\/comments?post=23892"}],"version-history":[{"count":1,"href":"https:\/\/sportland.lt\/magazine\/wp-json\/wp\/v2\/posts\/23892\/revisions"}],"predecessor-version":[{"id":23896,"href":"https:\/\/sportland.lt\/magazine\/wp-json\/wp\/v2\/posts\/23892\/revisions\/23896"}],"wp:featuredmedia":[{"embeddable":true,"href":"https:\/\/sportland.lt\/magazine\/wp-json\/wp\/v2\/media\/23895"}],"wp:attachment":[{"href":"https:\/\/sportland.lt\/magazine\/wp-json\/wp\/v2\/media?parent=23892"}],"wp:term":[{"taxonomy":"category","embeddable":true,"href":"https:\/\/sportland.lt\/magazine\/wp-json\/wp\/v2\/categories?post=23892"},{"taxonomy":"post_tag","embeddable":true,"href":"https:\/\/sportland.lt\/magazine\/wp-json\/wp\/v2\/tags?post=23892"}],"curies":[{"name":"wp","href":"https:\/\/api.w.org\/{rel}","templated":true}]}}