{"id":23418,"date":"2023-03-07T09:15:25","date_gmt":"2023-03-07T09:15:25","guid":{"rendered":"https:\/\/sportland.lt\/magazine\/?p=23418"},"modified":"2023-03-07T09:15:25","modified_gmt":"2023-03-07T09:15:25","slug":"dviraciu-treko-taures-ideja-besidziaugianti-s-krupeckaite-turime-isnaudoti-arena","status":"publish","type":"post","link":"https:\/\/sportland.lt\/magazine\/dviraciu-treko-taures-ideja-besidziaugianti-s-krupeckaite-turime-isnaudoti-arena\/","title":{"rendered":"Dvira\u010di\u0173 treko taur\u0117s id\u0117ja besid\u017eiaugianti S. Krupeckait\u0117: \u201eTurime i\u0161naudoti aren\u0105\u201c"},"content":{"rendered":"<p>\u0160iais metais Lietuvos dvira\u010di\u0173 treko kalendorius \u2013 kaip niekad \u012ftemptas. To prie\u017eastis \u2013 pirm\u0105 kart\u0105 rengiamos \u201eVoltas-Madaris\u201c Lietuvos treko taur\u0117s var\u017eybos.<\/p>\n<p>Panev\u0117\u017eio \u201eKalnapilio\u201c arenoje i\u0161 viso bus surengti \u0161e\u0161i taur\u0117s var\u017eyb\u0173 etapai. Dalyviai \u0161iose var\u017eybose yra skirstomi \u012f elito ir m\u0117g\u0117j\u0173 grupes. Lietuvos dvira\u010di\u0173 treko taur\u0117s var\u017eyb\u0173 iniciatorius \u2013 buv\u0119s profesionalus dviratininkas Darijus D\u017eervus. Tokios id\u0117jos atsiradimu bei realizavimu d\u017eiaugiasi viena geriausi\u0173 vis\u0173 laik\u0173 Lietuvos dviratininki\u0173 <strong>Simona Krupeckait\u0117<\/strong>, \u0161iuo metu einanti Lietuvos dvira\u010di\u0173 sporto federacijos (LDSF) sporto direktor\u0117s pareigas.<\/p>\n<p>\u201eToki\u0173 var\u017eyb\u0173 labai reik\u0117jo ir labai smagu, kad turime iniciatyvi\u0173 \u017emoni\u0173, kurie imasi iniciatyvos ir t\u0105 sugeba suorganizuoti. Lietuvoje turime puiki\u0105 dvira\u010di\u0173 treko aren\u0105, tod\u0117l reikia j\u0105 i\u0161naudoti tiek patyrusi\u0173, tiek jaun\u0173 sportinink\u0173 at\u017evilgiu. Jau dabar matome, kad \u0161ios var\u017eybos atne\u0161\u0117 vertingos patirties sportininkams\u201c, &#8211; sak\u0117 S. Krupeckait\u0117.<\/p>\n<figure id=\"attachment_23419\" aria-describedby=\"caption-attachment-23419\" style=\"width: 600px\" class=\"wp-caption alignnone\"><img loading=\"lazy\" decoding=\"async\" class=\"size-medium wp-image-23419\" src=\"https:\/\/sportland.lt\/magazine\/wp-content\/uploads\/2023\/03\/Dranginio-600x399.jpg\" alt=\"\" width=\"600\" height=\"399\" srcset=\"https:\/\/sportland.lt\/magazine\/wp-content\/uploads\/2023\/03\/Dranginio-600x399.jpg 600w, https:\/\/sportland.lt\/magazine\/wp-content\/uploads\/2023\/03\/Dranginio.jpg 640w\" sizes=\"auto, (max-width: 600px) 100vw, 600px\" \/><figcaption id=\"caption-attachment-23419\" class=\"wp-caption-text\">Simona Krupeckait\u0117. Vytauto Dranginio nuotr.<\/figcaption><\/figure>\n<p>Kiekvieno Lietuvos dvira\u010di\u0173 treko taur\u0117s etapo rytin\u0117je programoje \u2013 1 km asmenin\u0117s lenktyn\u0117s laikui, 4 km komand\u0173 persekiojimo lenktyn\u0117s, komand\u0173 sprintas, o vakarin\u0117je programoje \u2013 eliminavimas, skre\u010das ir grupin\u0117s lenktyn\u0117s d\u0117l ta\u0161k\u0173.<\/p>\n<p>\u201eVar\u017eybos tikrai vyksta \u012fdomiai. Labiausiai d\u017eiugina, kad sportininkai \u010dia kovoja, ne atvyksta tiesiog praleisti laik\u0105. Daugelyje lenktyni\u0173 vyksta \u012fdomi kova, tod\u0117l t\u0105 smagu steb\u0117ti. D\u017eiugu, kad su kiekvienu renginiu atvyksta vis daugiau dalyvi\u0173, tarp j\u0173 ir u\u017esienie\u010di\u0173. Manau, kad turime t\u0119sti \u0161\u012f projekt\u0105, nes taip parodome, jog galime organizuoti rimtus renginius, o \u017emon\u0117s gali pamatyti kokybi\u0161k\u0105 produkt\u0105\u201c, &#8211; pasakojo S. Krupeckait\u0117.<\/p>\n<p>LDSF sporto direktor\u0117 prid\u016br\u0117, kad organizaciniais geb\u0117jimais jau buvo galima \u012fsitikinti per Panev\u0117\u017eyje neseniai vykusias tarptautines var\u017eybas \u201ePanev\u0117\u017eys 2023\u201c. 2021 met\u0173 pabaigoje \u201eKalnapilio\u201c arenoje buvo surengtas ir UCI dvira\u010di\u0173 treko \u010cempion\u0173 lygos etapas.<\/p>\n<p>\u201eMums reikia daugiau d\u0117mesio skirti dvira\u010di\u0173 trekui ir j\u012f i\u0161naudoti. Ypa\u010d \u0161altuoju met\u0173 laiku, kuomet sportininkai negali i\u0161vykti \u012f u\u017esien\u012f. Trekas \u017eiem\u0105 yra puiki alternatyva ir plento dviratininkams\u201c, &#8211; pabr\u0117\u017e\u0117 S. Krupeckait\u0117.<\/p>\n<figure id=\"attachment_23421\" aria-describedby=\"caption-attachment-23421\" style=\"width: 600px\" class=\"wp-caption alignnone\"><img loading=\"lazy\" decoding=\"async\" class=\"size-medium wp-image-23421\" src=\"https:\/\/sportland.lt\/magazine\/wp-content\/uploads\/2023\/03\/Foto2-600x375.jpg\" alt=\"\" width=\"600\" height=\"375\" \/><figcaption id=\"caption-attachment-23421\" class=\"wp-caption-text\">Var\u017eyb\u0173 akimirkos. Algirdo Venskaus nuotr.<\/figcaption><\/figure>\n<p>Lietuvos dvira\u010di\u0173 treko taur\u0117s var\u017eybose jau \u012fvyko penki etapai, o paskutinis vyks kovo 11-\u0105j\u0105. Kai kuriose rungtyse intriga i\u0161lieka iki pat paskutinio etapo. 10 geriausi\u0173 elito grup\u0117s dviratinink\u0173 i\u0161sidalins beveik 4000 eur\u0173.<\/p>\n<p>\u0160iose var\u017eybose savo j\u0117gas i\u0161bando ir dauguma geriausi\u0173 Lietuvos treko dviratinink\u0173, rinktin\u0117s nariai. Konkurencingumo prideda ir nema\u017eai dviratinink\u0173 i\u0161 u\u017esienio. \u0160tai belgas Remi De Mey\u2018us taikosi \u012f prizinink\u0173 pakyl\u0105 elito grup\u0117je, tarp dalyvi\u0173 nuolat galima i\u0161vysti latvius bei ukrainie\u010dius.<\/p>\n<p>LDSF sporto direktor\u0117 teigia, jog u\u017esienie\u010di\u0173 \u012fkalbin\u0117ti ar kviesti \u012f Panev\u0117\u017e\u012f nereikia. Sportininkai bendrauja tarpusavyje, dalinasi patirtimi ir informacija apie var\u017eybas savaime pasklinda u\u017e Lietuvos rib\u0173. Kokybi\u0161kas trekas bei geras var\u017eyb\u0173 organizavimas tik dar labiau \u012ftraukia dalyvius, tod\u0117l \u0161is renginys gali tik augti.<\/p>\n<p>S. Krupeckait\u0117 neabejoja, kad \u0161ios var\u017eybos prisid\u0117s prie geresnio sportinink\u0173 pasiruo\u0161imo naujam sezonui. T\u0105 parodys b\u016bsimi startai ne tik treko, bet ir plento var\u017eybose.<\/p>\n<figure id=\"attachment_23422\" aria-describedby=\"caption-attachment-23422\" style=\"width: 600px\" class=\"wp-caption alignnone\"><img loading=\"lazy\" decoding=\"async\" class=\"size-medium wp-image-23422\" src=\"https:\/\/sportland.lt\/magazine\/wp-content\/uploads\/2023\/03\/Foto3-600x375.jpg\" alt=\"\" width=\"600\" height=\"375\" \/><figcaption id=\"caption-attachment-23422\" class=\"wp-caption-text\">Var\u017eyb\u0173 akimirkos. Algirdo Venskaus nuotr.<\/figcaption><\/figure>\n<p>\u201eKol kas viskas yra puiku ir netur\u0117\u010diau prie ko prikibti. Galb\u016bt kiek trukdo tai, kad \u201eKalnapilio\u201c arena yra da\u017enai u\u017eimta renginiais, tod\u0117l nepavyksta suderinti idealaus taur\u0117s var\u017eyb\u0173 grafiko. I\u0161 prad\u017ei\u0173 buvo noras var\u017eybas organizuoti vos ne kiekvien\u0105 savaitgal\u012f, bet pamat\u0117me, kad kiekvien\u0105 savait\u0119 pritraukti sportininkus yra sud\u0117tinga, jiems reikia laiko atsigauti. Visgi tai yra smulkios detal\u0117s, o apskritai viskas vyksta labai gerai. Patirties \u012fgyja ne tik sportininkai, bet ir organizatoriai. Steb\u0117dama i\u0161 \u0161ono, joki\u0173 tr\u016bkum\u0173 tikrai nematau\u201c, &#8211; d\u017eiaug\u0117si S. Krupeckait\u0117, negail\u0117jusi pagyr\u0173 taur\u0117s organizatoriams.<\/p>\n<p><em>Tekstas: Dominyko Genevi\u010diaus<\/em><\/p>\n","protected":false},"excerpt":{"rendered":"<p>\u0160iais metais Lietuvos dvira\u010di\u0173 treko kalendorius \u2013 kaip niekad \u012ftemptas. To prie\u017eastis \u2013 pirm\u0105 kart\u0105 rengiamos \u201eVoltas-Madaris\u201c Lietuvos treko taur\u0117s\u2026<\/p>\n","protected":false},"author":9,"featured_media":23421,"comment_status":"open","ping_status":"open","sticky":false,"template":"","format":"standard","meta":{"_acf_changed":false,"footnotes":""},"categories":[28],"tags":[59],"class_list":["post-23418","post","type-post","status-publish","format-standard","has-post-thumbnail","hentry","category-sportas","tag-dviraciu-sportas"],"acf":[],"_links":{"self":[{"href":"https:\/\/sportland.lt\/magazine\/wp-json\/wp\/v2\/posts\/23418","targetHints":{"allow":["GET"]}}],"collection":[{"href":"https:\/\/sportland.lt\/magazine\/wp-json\/wp\/v2\/posts"}],"about":[{"href":"https:\/\/sportland.lt\/magazine\/wp-json\/wp\/v2\/types\/post"}],"author":[{"embeddable":true,"href":"https:\/\/sportland.lt\/magazine\/wp-json\/wp\/v2\/users\/9"}],"replies":[{"embeddable":true,"href":"https:\/\/sportland.lt\/magazine\/wp-json\/wp\/v2\/comments?post=23418"}],"version-history":[{"count":1,"href":"https:\/\/sportland.lt\/magazine\/wp-json\/wp\/v2\/posts\/23418\/revisions"}],"predecessor-version":[{"id":23423,"href":"https:\/\/sportland.lt\/magazine\/wp-json\/wp\/v2\/posts\/23418\/revisions\/23423"}],"wp:featuredmedia":[{"embeddable":true,"href":"https:\/\/sportland.lt\/magazine\/wp-json\/wp\/v2\/media\/23421"}],"wp:attachment":[{"href":"https:\/\/sportland.lt\/magazine\/wp-json\/wp\/v2\/media?parent=23418"}],"wp:term":[{"taxonomy":"category","embeddable":true,"href":"https:\/\/sportland.lt\/magazine\/wp-json\/wp\/v2\/categories?post=23418"},{"taxonomy":"post_tag","embeddable":true,"href":"https:\/\/sportland.lt\/magazine\/wp-json\/wp\/v2\/tags?post=23418"}],"curies":[{"name":"wp","href":"https:\/\/api.w.org\/{rel}","templated":true}]}}