{"id":23382,"date":"2023-03-01T10:29:10","date_gmt":"2023-03-01T10:29:10","guid":{"rendered":"https:\/\/sportland.lt\/magazine\/?p=23382"},"modified":"2023-03-01T10:29:10","modified_gmt":"2023-03-01T10:29:10","slug":"lietuvos-lengvaatleciai-nekantriai-laukia-starto-europos-cempionate","status":"publish","type":"post","link":"https:\/\/sportland.lt\/magazine\/lietuvos-lengvaatleciai-nekantriai-laukia-starto-europos-cempionate\/","title":{"rendered":"Lietuvos lengvaatle\u010diai nekantriai laukia starto Europos \u010dempionate"},"content":{"rendered":"<p>Ketvirtadien\u012f prasid\u0117s Europos lengvosios atletikos u\u017edar\u0173 patalp\u0173 \u010dempionatas. Stambule (Turkija) \u0161is sporto renginys vyks kovo 2\u20135 dienomis, o jame Lietuvai atstovaus 6 lengvaatle\u010diai \u2013 <strong>Jogail\u0117 Petrokait\u0117<\/strong>, <strong>Juozas Baik\u0161tys<\/strong>, <strong>Urt\u0117 Baik\u0161tyt\u0117<\/strong>, <strong>Dovil\u0117 Kilty<\/strong>, <strong>Aina Grik\u0161ait\u0117<\/strong> ir <strong>Diana Zagainova<\/strong>. Tiesa, m\u016bs\u0173 \u0161al\u012f atstovaujan\u010di\u0173 sportinink\u0173 s\u0105ra\u0161as gal\u0117jo b\u016bti ir ilgesnis, nes teis\u0119 \u010dempionate startuoti tur\u0117jo ir <strong>Modesta Just\u0117 Morauskait\u0117 <\/strong>(praleis \u010dempionat\u0105 d\u0117l traumos), <strong>Ieva Zarankait\u0117 <\/strong>(\u0161iuo metu ruo\u0161iasi Europos metim\u0173 taur\u0117s var\u017eyboms), <strong>Gabija Galvydyt\u0117<\/strong> bei <strong>Tomas Ker\u0161ulis <\/strong>(abu JAV studijuojantys b\u0117gikai nestartuos d\u0117l pagrindini\u0173 student\u0173 sezono var\u017eyb\u0173).<\/p>\n<p>Kvie\u010diame artimiau susipa\u017einti su lengvaatle\u010di\u0173 mintimis apie paskutinius j\u0173 rezultatus, emocijas, pasiruo\u0161im\u0105 bei tikslus Europos \u010dempionatui.<\/p>\n<p><strong>Jogail\u0117 Petrokait\u0117 \u2013 \u0161uolis \u012f tol\u012f<\/strong><\/p>\n<figure id=\"attachment_23386\" aria-describedby=\"caption-attachment-23386\" style=\"width: 400px\" class=\"wp-caption alignnone\"><img loading=\"lazy\" decoding=\"async\" class=\"size-medium wp-image-23386\" src=\"https:\/\/sportland.lt\/magazine\/wp-content\/uploads\/2023\/03\/Jogail\u0117-Petrokait\u0117-400x600.jpg\" alt=\"\" width=\"400\" height=\"600\" srcset=\"https:\/\/sportland.lt\/magazine\/wp-content\/uploads\/2023\/03\/Jogail\u0117-Petrokait\u0117-400x600.jpg 400w, https:\/\/sportland.lt\/magazine\/wp-content\/uploads\/2023\/03\/Jogail\u0117-Petrokait\u0117-768x1152.jpg 768w, https:\/\/sportland.lt\/magazine\/wp-content\/uploads\/2023\/03\/Jogail\u0117-Petrokait\u0117-800x1200.jpg 800w, https:\/\/sportland.lt\/magazine\/wp-content\/uploads\/2023\/03\/Jogail\u0117-Petrokait\u0117.jpg 1067w\" sizes=\"auto, (max-width: 400px) 100vw, 400px\" \/><figcaption id=\"caption-attachment-23386\" class=\"wp-caption-text\">Jogail\u0117 Petrokait\u0117<\/figcaption><\/figure>\n<p>Jogail\u0117 \u012f \u010dempionat\u0105 pateko dar vasar\u0105, kai nu\u0161okusi 6.76 m \u012fvykd\u0117 normatyv\u0105. \u017diemos sezone \u0161uolinink\u0117 startavo dvejose var\u017eybose \u2013 LLAF taur\u0117je (6.44 m \u2013 geriausias sezono rezultatas) ir Lietuvos \u010dempionate (6.31 m). \u201eLietuvos \u010dempionate pademonstruotas rezultatas tikrai netenkina, ta\u010diau tai yra dalis pasiruo\u0161imo ir treniruo\u010di\u0173 proceso\u201c, \u2013 pasakojo J. Petrokait\u0117.<\/p>\n<p>Antr\u0105 Europos u\u017edar\u0173 patalp\u0173 \u010dempionat\u0105 karjeroje pasitinkanti sportinink\u0117 teig\u0117, jog \u0161\u012fkart jau\u010diasi labiau patyrusi var\u017eytis su suaugusiais: \u201eI\u0161skir\u010diau kitok\u012f nusiteikimo lyg\u012f ir ger\u0105 nuotaik\u0105.\u201c \u010cempionato laukianti J. Petrokait\u0117 prid\u0117jo, jog u\u017edar\u0173 patalp\u0173 \u010dempionatus m\u0117gsta ir dideli\u0173 skirtum\u0173 nuo stadiono savo rungtyje nepastebi.<\/p>\n<p>\u201ePasiekiau optimali\u0105 sportin\u0119 form\u0105, tod\u0117l tikslas yra kuo geriau realizuoti save\u201c, \u2013 sak\u0117 paskutin\u0117se treniruot\u0117se kr\u016bvius ma\u017einanti ir \u201elengvumo\u201c siekianti lengvaatlet\u0117.<\/p>\n<p>Asmeninis rekordas u\u017edarose patalpose \u2013 6.53 m.<\/p>\n<p><strong>Juozas Baik\u0161tys \u2013 \u0161uolis \u012f auk\u0161t\u012f<\/strong><\/p>\n<figure id=\"attachment_23387\" aria-describedby=\"caption-attachment-23387\" style=\"width: 600px\" class=\"wp-caption alignnone\"><img loading=\"lazy\" decoding=\"async\" class=\"size-medium wp-image-23387\" src=\"https:\/\/sportland.lt\/magazine\/wp-content\/uploads\/2023\/03\/Juozas-Baik\u0161tys-600x400.jpg\" alt=\"\" width=\"600\" height=\"400\" srcset=\"https:\/\/sportland.lt\/magazine\/wp-content\/uploads\/2023\/03\/Juozas-Baik\u0161tys-600x400.jpg 600w, https:\/\/sportland.lt\/magazine\/wp-content\/uploads\/2023\/03\/Juozas-Baik\u0161tys-768x512.jpg 768w, https:\/\/sportland.lt\/magazine\/wp-content\/uploads\/2023\/03\/Juozas-Baik\u0161tys-1200x800.jpg 1200w, https:\/\/sportland.lt\/magazine\/wp-content\/uploads\/2023\/03\/Juozas-Baik\u0161tys.jpg 1600w\" sizes=\"auto, (max-width: 600px) 100vw, 600px\" \/><figcaption id=\"caption-attachment-23387\" class=\"wp-caption-text\">Juozas Baik\u0161tys<\/figcaption><\/figure>\n<p>Juozas \u012f \u010dempionat\u0105 pateko per reitingavimo sistem\u0105, o \u0161i\u0105 \u017eiem\u0105 startavo tik kart\u0105, kai tre\u010di\u0105 kart\u0105 karjeroje i\u0161kovojo Lietuvos u\u017edar\u0173 patalp\u0173 \u010dempiono titul\u0105. \u201e\u017diemos startus tur\u0117jau prad\u0117ti dar sausio gale, ta\u010diau d\u0117l \u012fvairi\u0173 problem\u0173 nesp\u0117jau pasiruo\u0161ti, o v\u0117liau, vasario m\u0117nes\u012f, i\u0161sisukau \u010diurn\u0105, tod\u0117l teko praleisti dar vienas var\u017eybas \u010cekijoje\u201c, \u2013 pasakojo \u0161uolininkas.<\/p>\n<p>\u201eNegana to, likus savaitei iki Lietuvos \u010dempionato susirgau, tod\u0117l buvo ai\u0161ku, kad startas nebus pats geriausias (2.10 m)\u201c, \u2013 prid\u0117jo sportininkas.<\/p>\n<p>Antr\u0105 u\u017edar\u0173 patalp\u0173 \u010dempionat\u0105 karjeroje pasitinkantis lengvaatletis nesl\u0117p\u0117, jog emocijos \u012fvairios: \u201eIr laukiu, ir jaudinuosi, kadangi start\u0173 tr\u016bksta, tai jau\u010diu \u0161iok\u012f tok\u012f neu\u017etikrintum\u0105.\u201c U\u017edar\u0173 patalp\u0173 \u010dempionatus d\u0117l atmosferos m\u0117gstantis J. Baik\u0161tys prid\u016br\u0117, jog sieks u\u017eimti kuo auk\u0161tesn\u0119 viet\u0105 ir pasisemti patirties prie\u0161 art\u0117jan\u010dius vasaros startus.<\/p>\n<p>\u201eSportin\u0117 forma \u0161iuo metu yra m\u012fslinga, tod\u0117l dar praeit\u0105 savait\u0119 sunkiai dirbau, o dabar belieka palaikyti tonus\u0105\u201c, \u2013 sak\u0117 \u0161uolininkas \u012f auk\u0161t\u012f.<\/p>\n<p>Asmeninis rekordas u\u017edarose patalpose \u2013 2.25 m.<\/p>\n<p><strong>Urt\u0117 Baik\u0161tyt\u0117 \u2013 \u0161uolis \u012f auk\u0161t\u012f<\/strong><\/p>\n<figure id=\"attachment_23388\" aria-describedby=\"caption-attachment-23388\" style=\"width: 600px\" class=\"wp-caption alignnone\"><img loading=\"lazy\" decoding=\"async\" class=\"size-medium wp-image-23388\" src=\"https:\/\/sportland.lt\/magazine\/wp-content\/uploads\/2023\/03\/Urt\u0117-Baik\u0161tyt\u0117-600x401.jpg\" alt=\"\" width=\"600\" height=\"401\" srcset=\"https:\/\/sportland.lt\/magazine\/wp-content\/uploads\/2023\/03\/Urt\u0117-Baik\u0161tyt\u0117-600x401.jpg 600w, https:\/\/sportland.lt\/magazine\/wp-content\/uploads\/2023\/03\/Urt\u0117-Baik\u0161tyt\u0117.jpg 662w\" sizes=\"auto, (max-width: 600px) 100vw, 600px\" \/><figcaption id=\"caption-attachment-23388\" class=\"wp-caption-text\">Urt\u0117 Baik\u0161tyt\u0117<\/figcaption><\/figure>\n<p>\u012e savo pirm\u0105 Europos u\u017edar\u0173 patalp\u0173 \u010dempionat\u0105 Urt\u0117 pateko taip pat per reitingus. Geriausi\u0105 sezono rezultat\u0105 (1.86 m) Lietuvos \u010dempionate pasiekusi sportinink\u0117 \u017eiemos rezultatais patenkinta nebuvo: \u201eVertinu prastai, i\u0161ties sud\u0117tinga sezono prad\u017eia d\u0117l achilo skausm\u0173, o ir kelios intensyvios savait\u0117s su daug start\u0173 bei kelioni\u0173 i\u0161vargino, visgi, dabar jau\u010diuosi atsigavusi ir pasiruo\u0161usi svarbiausiam sezono startui.\u201c<\/p>\n<p>\u201eLabai d\u017eiaugiuosi gal\u0117dama atstovauti Lietuvai, nes \u0161is jausmas visuomet yra ypatingas, o var\u017eybos su nacionaline apranga, be abejon\u0117s, laukiamiausios\u201c, \u2013 sak\u0117 U. Baik\u0161tyt\u0117.<\/p>\n<p>Nors sportinink\u0117 nesl\u0117p\u0117, jog iki \u0161iol dalyvauti var\u017eybose geriau sek\u0117si vasar\u0105, pasiruo\u0161imas tiek stadionui, tiek ir manie\u017eui yra vienodai svarbus: \u201ePo Lietuvos \u010dempionato treniruot\u0117se gerai padirb\u0117jau, tod\u0117l tikiuosi sportin\u0117s formos pik\u0105 pasiekti b\u016btent Europos \u010dempionatui.\u201c<\/p>\n<p>\u201eTikslas \u2013 padaryti maksimum\u0105, k\u0105 t\u0105 dien\u0105 galiu geriausiai. Norisi atlikti techni\u0161kus \u0161uolius ir pasim\u0117gauti var\u017eybomis, o kadangi nesu tarp favori\u010di\u0173, bandysiu labiau susifokusuoti \u012f save, o ne konkurentes\u201c, \u2013 pasakojo lengvaatlet\u0117.<\/p>\n<p>Asmeninis rekordas u\u017edarose patalpose \u2013 1.90 m.<\/p>\n<p><strong>Dovil\u0117 Kilty \u2013 tri\u0161uolis<\/strong><\/p>\n<figure id=\"attachment_23385\" aria-describedby=\"caption-attachment-23385\" style=\"width: 600px\" class=\"wp-caption alignnone\"><img loading=\"lazy\" decoding=\"async\" class=\"size-medium wp-image-23385\" src=\"https:\/\/sportland.lt\/magazine\/wp-content\/uploads\/2023\/03\/Dovil\u0117-Kilty-600x400.jpg\" alt=\"\" width=\"600\" height=\"400\" srcset=\"https:\/\/sportland.lt\/magazine\/wp-content\/uploads\/2023\/03\/Dovil\u0117-Kilty-600x400.jpg 600w, https:\/\/sportland.lt\/magazine\/wp-content\/uploads\/2023\/03\/Dovil\u0117-Kilty-768x512.jpg 768w, https:\/\/sportland.lt\/magazine\/wp-content\/uploads\/2023\/03\/Dovil\u0117-Kilty-1200x800.jpg 1200w, https:\/\/sportland.lt\/magazine\/wp-content\/uploads\/2023\/03\/Dovil\u0117-Kilty.jpg 1600w\" sizes=\"auto, (max-width: 600px) 100vw, 600px\" \/><figcaption id=\"caption-attachment-23385\" class=\"wp-caption-text\">Dovil\u0117 Kilty<\/figcaption><\/figure>\n<p>Per reitingavimo sistem\u0105 \u012f jau ketvirt\u0105 Europos u\u017edar\u0173 patalp\u0173 \u010dempionat\u0105 patekusi Dovil\u0117 paskutin\u0117se savo var\u017eybose, Lietuvos \u010dempionate, u\u017efiksavo geriausi\u0105 sezono rezultat\u0105 (13.82 m). \u201ePasiruo\u0161imas \u017eiemai buvo geras, po truput\u012f \u012fsiva\u017eiuoju \u012f form\u0105, tod\u0117l su treneriais neabejojame, kad auk\u0161tas rezultatas dar prie\u0161 akis\u201c, \u2013 teig\u0117 tri\u0161uolinink\u0117.<\/p>\n<p>\u00ad\u201ePrie\u0161 Europos \u010dempionat\u0105 emocijos puikios, kitaip ir negali b\u016bti, kai atstovauji savo \u0161aliai \u2013 jausmas visada nuostabus\u201c, \u2013 pasid\u017eiaug\u0117 D. Kilty. Sportinink\u0117 prid\u0117jo m\u0117gstanti tiek var\u017eybas u\u017edarose patalpose, tiek ir stadione, o tarp skirtum\u0173 pamin\u0117jo v\u0117j\u0105 ir kitas oro s\u0105lygas.<\/p>\n<p>Prie\u0161 art\u0117jant\u012f \u010dempionat\u0105 vis ger\u0117jan\u010di\u0105 savijaut\u0105 ir sportin\u0119 form\u0105 i\u0161skyrusi lengvaatlet\u0117 teig\u0117, jog dabar intensyvias treniruotes derina su poilsiu, o visi ankstesni startai buvo proceso dalis.<\/p>\n<p>\u201eTikslas Europos \u010dempionate \u2013 garbingai atstovauti savo \u0161aliai\u201c, \u2013 prid\u016br\u0117 D. Kilty.<\/p>\n<p>Asmeninis rekordas u\u017edarose patalpose \u2013 14.13 m.<\/p>\n<p><strong>Aina Grik\u0161ait\u0117 \u2013 tri\u0161uolis<\/strong><\/p>\n<figure id=\"attachment_23383\" aria-describedby=\"caption-attachment-23383\" style=\"width: 600px\" class=\"wp-caption alignnone\"><img loading=\"lazy\" decoding=\"async\" class=\"size-medium wp-image-23383\" src=\"https:\/\/sportland.lt\/magazine\/wp-content\/uploads\/2023\/03\/Aina-Grik\u0161ait\u0117-600x400.jpg\" alt=\"\" width=\"600\" height=\"400\" srcset=\"https:\/\/sportland.lt\/magazine\/wp-content\/uploads\/2023\/03\/Aina-Grik\u0161ait\u0117-600x400.jpg 600w, https:\/\/sportland.lt\/magazine\/wp-content\/uploads\/2023\/03\/Aina-Grik\u0161ait\u0117-768x512.jpg 768w, https:\/\/sportland.lt\/magazine\/wp-content\/uploads\/2023\/03\/Aina-Grik\u0161ait\u0117-1200x800.jpg 1200w, https:\/\/sportland.lt\/magazine\/wp-content\/uploads\/2023\/03\/Aina-Grik\u0161ait\u0117.jpg 1413w\" sizes=\"auto, (max-width: 600px) 100vw, 600px\" \/><figcaption id=\"caption-attachment-23383\" class=\"wp-caption-text\">Aina Grik\u0161ait\u0117<\/figcaption><\/figure>\n<p>Reitingai viet\u0105 pirmajame Europos u\u017edar\u0173 patalp\u0173 \u010dempionate u\u017etikrino ir Ainai. Dar visai neseniai Lietuvos \u010dempione tapusi tri\u0161uolinink\u0117 pasid\u017eiaug\u0117 sezono prad\u017eia: \u201e\u017diemos sezon\u0105 vertinu gerai, nes dar pasiruo\u0161imo stovykloje jau\u010diausi stipri, o \u0161uoliai rod\u0117, jog galiu \u0161okti toli.\u201c<\/p>\n<p>\u201eStartas LLAF taur\u0117je nebuvo pats s\u0117kmingiausias (13.54 m), bet jau kitose var\u017eybose, kurios vyko \u0160vedijoje, pavyko pasirodyti \u017eymiai geriau (13.92 m). Geteborgo manie\u017ee esu daug kart\u0173 buvusi anks\u010diau, tod\u0117l \u0161i vieta tikrai ne svetima, o tai prid\u0117jo atsipalaidavimo ir ramyb\u0117s\u201c, \u2013 pa\u017e\u012fstam\u0173 palaikymo sulaukusi d\u017eiaug\u0117si A. Grik\u0161ait\u0117.<\/p>\n<p>Stabilumu ir nusiteikimu pasid\u017eiaugusi sportinink\u0117 teig\u0117, jog startas art\u0117jan\u010diame Europos \u010dempionate bus svarbiausias jos karjeroje: \u201eVasar\u0105 startavau Europos \u010dempionate Miunchene (Vokietija), bet tada jau\u010diausi kaip naujok\u0117, tod\u0117l visos tos emocijos \u0161iek tiek bla\u0161k\u0117.\u201c<\/p>\n<p>\u201eTikslas Europos \u010dempionate \u2013 toliau rodyti stabilum\u0105 bei \u0161okti lengvai ir u\u017etikrintai, o jeigu to u\u017eteks patekimui \u012f final\u0105, b\u016bsiu labai patenkinta\u201c, \u2013 pasakojo gera sportine forma patenkinta lengvaatlet\u0117.<\/p>\n<p>Asmeninis rekordas u\u017edarose patalpose \u2013 14.08 m.<\/p>\n<p><strong>Diana Zagainova \u2013 tri\u0161uolis<\/strong><\/p>\n<figure id=\"attachment_23384\" aria-describedby=\"caption-attachment-23384\" style=\"width: 600px\" class=\"wp-caption alignnone\"><img loading=\"lazy\" decoding=\"async\" class=\"size-medium wp-image-23384\" src=\"https:\/\/sportland.lt\/magazine\/wp-content\/uploads\/2023\/03\/Diana-Zagainova-600x400.jpg\" alt=\"\" width=\"600\" height=\"400\" srcset=\"https:\/\/sportland.lt\/magazine\/wp-content\/uploads\/2023\/03\/Diana-Zagainova-600x400.jpg 600w, https:\/\/sportland.lt\/magazine\/wp-content\/uploads\/2023\/03\/Diana-Zagainova-768x512.jpg 768w, https:\/\/sportland.lt\/magazine\/wp-content\/uploads\/2023\/03\/Diana-Zagainova.jpg 940w\" sizes=\"auto, (max-width: 600px) 100vw, 600px\" \/><figcaption id=\"caption-attachment-23384\" class=\"wp-caption-text\">Diana Zagainova<\/figcaption><\/figure>\n<p>\u012e tre\u010di\u0105 Europos u\u017edar\u0173 patalp\u0173 \u010dempionat\u0105 Diana pateko bene paskutin\u0119 akimirk\u0105. \u201e\u017diemos sezono rezultatus vertinu neblogai, nors maksimumas ir nebuvo i\u0161pildytas, ta\u010diau galiu pasid\u017eiaugti pasirodymu Lietuvos \u010dempionate, kai parod\u017eiau geriausi\u0105 sezono rezultat\u0105 (13.61 m)\u201c, \u2013 sak\u0117 sportinink\u0117.<\/p>\n<p>\u201eEmocijos prie\u0161 \u010dempionat\u0105 geros, kadangi tai jau tre\u010diasis mano Europos u\u017edar\u0173 patalp\u0173 \u010dempionatas, jaudulio ir nerimo tikrai ma\u017eiau, o pasitik\u0117jimo ir m\u0117gavimosi daugiau\u201c, \u2013 teig\u0117 D. Zagainova.<\/p>\n<p>Ma\u017eesn\u012f dalyvi\u0173 skai\u010di\u0173 ir v\u0117jo nebuvim\u0105 u\u017edarose patalpose i\u0161skyrusi lengvaatlet\u0117 teig\u0117, jog m\u0117gsta var\u017eytis manie\u017ee: \u201e\u012e \u0161iuos \u010dempionatus patekti n\u0117ra lengva d\u0117l auk\u0161tos kvalifikacijos ir ma\u017eesnio dalyvi\u0173 skai\u010diaus.\u201c<\/p>\n<p>\u201eTikslai Europos \u010dempionatui, be abejon\u0117s, yra auk\u0161\u010diausi, sieksiu geriausio sezono rezultato ir b\u016bti geresn\u0117 nei paskutin\u0117se var\u017eybose bei svarbiausiose var\u017eybose pademonstruoti geriausi\u0105 savo versij\u0105\u201c, \u2013 pasakojo tri\u0161uolinink\u0117.<\/p>\n<p>Trumpas ir koncentruotas treniruotes prie\u0161 \u010dempionat\u0105 akcentavusi lengvaatlet\u0117 teig\u0117, jog b\u016bsim\u0105 rezultat\u0105 nusp\u0117ti yra prakti\u0161kai ne\u012fmanoma, nes tri\u0161uolis \u2013 technin\u0117 rungtis, kuri\u0105 gali lemti daugelis aspekt\u0173, pavyzd\u017eiui, b\u0117gimas ar atsispyrimas.<\/p>\n<p>Asmeninis rekordas u\u017edarose patalpose \u2013 13.97 m.<\/p>\n<p>Nuo kovo 3 dienos \u0161alies lengvaatle\u010di\u0173 pasirodymus tiesiogiai transliuos LRT Plius ir lrt.lt<\/p>\n<p><em>Tekstas:\u00a0\u00a0Justo Virbicko, LLAF<br \/>\n<\/em><em>Nuotraukos: Alfredo Pliad\u017eio<\/em><\/p>\n","protected":false},"excerpt":{"rendered":"<p>Ketvirtadien\u012f prasid\u0117s Europos lengvosios atletikos u\u017edar\u0173 patalp\u0173 \u010dempionatas. Stambule (Turkija) \u0161is sporto renginys vyks kovo 2\u20135 dienomis, o jame Lietuvai\u2026<\/p>\n","protected":false},"author":9,"featured_media":23384,"comment_status":"open","ping_status":"open","sticky":false,"template":"","format":"standard","meta":{"_acf_changed":false,"footnotes":""},"categories":[28],"tags":[65],"class_list":["post-23382","post","type-post","status-publish","format-standard","has-post-thumbnail","hentry","category-sportas","tag-lengvoji-atletika"],"acf":[],"_links":{"self":[{"href":"https:\/\/sportland.lt\/magazine\/wp-json\/wp\/v2\/posts\/23382","targetHints":{"allow":["GET"]}}],"collection":[{"href":"https:\/\/sportland.lt\/magazine\/wp-json\/wp\/v2\/posts"}],"about":[{"href":"https:\/\/sportland.lt\/magazine\/wp-json\/wp\/v2\/types\/post"}],"author":[{"embeddable":true,"href":"https:\/\/sportland.lt\/magazine\/wp-json\/wp\/v2\/users\/9"}],"replies":[{"embeddable":true,"href":"https:\/\/sportland.lt\/magazine\/wp-json\/wp\/v2\/comments?post=23382"}],"version-history":[{"count":1,"href":"https:\/\/sportland.lt\/magazine\/wp-json\/wp\/v2\/posts\/23382\/revisions"}],"predecessor-version":[{"id":23389,"href":"https:\/\/sportland.lt\/magazine\/wp-json\/wp\/v2\/posts\/23382\/revisions\/23389"}],"wp:featuredmedia":[{"embeddable":true,"href":"https:\/\/sportland.lt\/magazine\/wp-json\/wp\/v2\/media\/23384"}],"wp:attachment":[{"href":"https:\/\/sportland.lt\/magazine\/wp-json\/wp\/v2\/media?parent=23382"}],"wp:term":[{"taxonomy":"category","embeddable":true,"href":"https:\/\/sportland.lt\/magazine\/wp-json\/wp\/v2\/categories?post=23382"},{"taxonomy":"post_tag","embeddable":true,"href":"https:\/\/sportland.lt\/magazine\/wp-json\/wp\/v2\/tags?post=23382"}],"curies":[{"name":"wp","href":"https:\/\/api.w.org\/{rel}","templated":true}]}}