{"id":23169,"date":"2023-01-23T10:42:09","date_gmt":"2023-01-23T10:42:09","guid":{"rendered":"https:\/\/sportland.lt\/magazine\/?p=23169"},"modified":"2023-01-23T10:42:09","modified_gmt":"2023-01-23T10:42:09","slug":"pirmas-karjeros-titulas-e-butvilas-vilnius-cup-2023-cempionas","status":"publish","type":"post","link":"https:\/\/sportland.lt\/magazine\/pirmas-karjeros-titulas-e-butvilas-vilnius-cup-2023-cempionas\/","title":{"rendered":"Pirmas karjeros titulas: E. Butvilas \u2013 \u201eVilnius Cup 2023\u201c \u010dempionas"},"content":{"rendered":"<p>Lietuvos teniso talentas <strong>Edas Butvilas<\/strong> (ATP-1035) i\u0161kovojo pirm\u0105j\u012f karjeroje titul\u0105 profesional\u0173 tenise. 18-metis lietuvis triumfavo Vilniaus \u201eSEB arenoje\u201c vykusiame Tarptautin\u0117s teniso federacijos (ITF) \u201eWorld Tennis M15\u201c serijos turnyre \u201eVilnius Cup 2023\u201c.<\/p>\n<p>\u0160e\u0161tadienio popiet\u0119 finale E. Butvilas susitiko su septint\u0105ja turnyro rakete Szymonu Kielanu (ATP-707) i\u0161 Lenkijos ir \u0161vent\u0117 pergal\u0119 per 1 val. ir 29 min. \u2013 6:1, 7:5.<\/p>\n<p>Gausiai centrinio korto trib\u016bnose susirinkusi\u0173 sirgali\u0173 palaikomas jaunasis lietuvis fantasti\u0161kai prad\u0117jo final\u0105 \u2013 pats paduodamas neklydo, atliko du \u201ebreak\u2018us\u201c ir laim\u0117jo net penkis geimus i\u0161 eil\u0117s bei netrukus \u201eu\u017edar\u0117\u201c pirm\u0105j\u012f set\u0105.<\/p>\n<figure id=\"attachment_23173\" aria-describedby=\"caption-attachment-23173\" style=\"width: 600px\" class=\"wp-caption alignnone\"><img loading=\"lazy\" decoding=\"async\" class=\"size-medium wp-image-23173\" src=\"https:\/\/sportland.lt\/magazine\/wp-content\/uploads\/2023\/01\/Elvis-\u017daldaris-FOTO-11-600x400.jpg\" alt=\"\" width=\"600\" height=\"400\" \/><figcaption id=\"caption-attachment-23173\" class=\"wp-caption-text\">Edas Butvilas. Elvio \u017daldario nuotr.<\/figcaption><\/figure>\n<p>Antrajame sete vyko atkakli kova ta\u0161kas \u012f ta\u0161k\u0105 (5:5), kol lemiamu metu Edas atliko \u201ebreak\u2018\u0105\u201c bei neklydo savo padavim\u0173 metu ir pelnytai triumfavo.<\/p>\n<p>Trib\u016bnose finalo metu E. Butvil\u0105 palaik\u0117 ir Lietuvos Respublikos Prezidentas Gitanas Naus\u0117da.<\/p>\n<p>Pakeliui \u012f \u201eVilnius Cup 2023\u201c turnyro, kurio pagrindinis r\u0117m\u0117jas \u201eDarnu Group\u201c, final\u0105 Edas \u012fveik\u0117 ukrainiet\u012f Aleksandr\u0105 Braynin\u0105 (ATP-1101), pirm\u0105 raket\u0119 \u0161ved\u0105 Karl\u0105 Friberg\u0105 (ATP-439), a\u0161tunt\u0105 reiting\u0105 tur\u0117jus\u012f oland\u0105 Mick\u0105 Veldheer\u012f (ATP-711) ir \u0161e\u0161t\u0105 pagal skirstym\u0105 Kirill\u0105 Kivattsev\u0105 (ATP-690).<\/p>\n<p>Daugkartinis \u012fvairi\u0173 jauni\u0173 turnyr\u0173 laim\u0117tojas ir 2022 met\u0173 Lietuvos suaugusi\u0173j\u0173 \u010dempionas po istorin\u0117s pergal\u0117s savo s\u0105skait\u0105 papild\u0117 15 ATP ta\u0161k\u0173, kurie leis pirmadien\u012f pasauliniame reitinge pakilti daugiau nei 250 pozicij\u0173 auk\u0161tyn!<\/p>\n<figure id=\"attachment_23172\" aria-describedby=\"caption-attachment-23172\" style=\"width: 600px\" class=\"wp-caption alignnone\"><img loading=\"lazy\" decoding=\"async\" class=\"wp-image-23172 size-medium\" src=\"https:\/\/sportland.lt\/magazine\/wp-content\/uploads\/2023\/01\/BN5U9870-600x400.jpg\" alt=\"\" width=\"600\" height=\"400\" \/><figcaption id=\"caption-attachment-23172\" class=\"wp-caption-text\">Edas Butvilas. Elvio \u017daldario nuotr.<\/figcaption><\/figure>\n<p>\u201eVilnius Cup 2023\u201c prizin\u012f fond\u0105 sudar\u0117 15 000 JAV doleri\u0173.<\/p>\n<p>\u0160is ITF M15 turnyras \u2013 tik pirmoji teniso maratono \u201eSEB arenoje\u201c dalis. Vasario 3-4 d. bus \u017eaid\u017eiamas Daviso taur\u0117s pasaulio pirmos grup\u0117s atkrintam\u0173j\u0173 var\u017eyb\u0173 susitikimas tarp Lietuvos ir Pakistano rinktini\u0173, o vasario 6-12 d. vyks ATP \u201eChallenger 100\u201c serijos turnyro \u201eVitas Gerulaitis Cup\u201c kovos.<\/p>\n<p>\u0160iuose turnyruose \u017eais ir E. Butvilas, ir Vilius Gaubas, ir geriausias Lietuvos tenisininkas Ri\u010dardas Berankis.<\/p>\n<p><em>Tekstas: tenisopasaulis.lt<\/em><\/p>\n","protected":false},"excerpt":{"rendered":"<p>Lietuvos teniso talentas Edas Butvilas (ATP-1035) i\u0161kovojo pirm\u0105j\u012f karjeroje titul\u0105 profesional\u0173 tenise. 18-metis lietuvis triumfavo Vilniaus \u201eSEB arenoje\u201c vykusiame Tarptautin\u0117s\u2026<\/p>\n","protected":false},"author":9,"featured_media":23173,"comment_status":"open","ping_status":"open","sticky":false,"template":"","format":"standard","meta":{"_acf_changed":false,"footnotes":""},"categories":[28],"tags":[18],"class_list":["post-23169","post","type-post","status-publish","format-standard","has-post-thumbnail","hentry","category-sportas","tag-tenisas"],"acf":[],"_links":{"self":[{"href":"https:\/\/sportland.lt\/magazine\/wp-json\/wp\/v2\/posts\/23169","targetHints":{"allow":["GET"]}}],"collection":[{"href":"https:\/\/sportland.lt\/magazine\/wp-json\/wp\/v2\/posts"}],"about":[{"href":"https:\/\/sportland.lt\/magazine\/wp-json\/wp\/v2\/types\/post"}],"author":[{"embeddable":true,"href":"https:\/\/sportland.lt\/magazine\/wp-json\/wp\/v2\/users\/9"}],"replies":[{"embeddable":true,"href":"https:\/\/sportland.lt\/magazine\/wp-json\/wp\/v2\/comments?post=23169"}],"version-history":[{"count":1,"href":"https:\/\/sportland.lt\/magazine\/wp-json\/wp\/v2\/posts\/23169\/revisions"}],"predecessor-version":[{"id":23174,"href":"https:\/\/sportland.lt\/magazine\/wp-json\/wp\/v2\/posts\/23169\/revisions\/23174"}],"wp:featuredmedia":[{"embeddable":true,"href":"https:\/\/sportland.lt\/magazine\/wp-json\/wp\/v2\/media\/23173"}],"wp:attachment":[{"href":"https:\/\/sportland.lt\/magazine\/wp-json\/wp\/v2\/media?parent=23169"}],"wp:term":[{"taxonomy":"category","embeddable":true,"href":"https:\/\/sportland.lt\/magazine\/wp-json\/wp\/v2\/categories?post=23169"},{"taxonomy":"post_tag","embeddable":true,"href":"https:\/\/sportland.lt\/magazine\/wp-json\/wp\/v2\/tags?post=23169"}],"curies":[{"name":"wp","href":"https:\/\/api.w.org\/{rel}","templated":true}]}}